{"id":28,"count":1,"description":"Vytvorte si tri\u010dko pod\u013ea \u017eelania, alebo obdarujte t\u00fdmto fotodar\u010dekom niekoho v\u00fdnimo\u010dn\u00e9ho. Vytvorte va\u0161im de\u0165om tri\u010dko, ktor\u00e9 bud\u00fa nosi\u0165 naozaj radi. Vyu\u017e\u00edvame len kvalitn\u00e9 tri\u010dk\u00e1 s ve\u013ekou gram\u00e1\u017eou. Ide\u00e1lne aj na \u0161kolsk\u00e9 akcie ako je \u0161kola v pr\u00edrode, \u010d\u00ed pre r\u00f4zne \u0161portov\u00e9 dru\u017estv\u00e1 alebo tane\u010dn\u00e9 skupiny. Urobte de\u0165om origin\u00e1lny dres s ich vlastn\u00fdm menom, \u010d\u00edslom.\r\n\r\nVe\u013ekos\u0165ou vieme pote\u0161i\u0165 aj t\u00fdch najmen\u0161\u00edch \u0161k\u00f4lk\u00e1rov, ktor\u00fd si svoj ob\u013e\u00faben\u00fd obr\u00e1zok bud\u00fa na tri\u010dku nosi\u0165 ve\u013emi radi. Nev\u00e1hajte n\u00e1s oslovi\u0165 aj so \u0161peci\u00e1lnou po\u017eiadavkou. Kvalita tla\u010de je naozaj na tej najvy\u0161\u0161ej \u00farovni a ost\u00e1va nezmenen\u00e1 aj po 10-tkach prac\u00edch cyklov. Do dne\u0161n\u00e9ho d\u0148a sme nemali \u017eiadne reklam\u00e1cie na na\u0161e fotodar\u010deky. Zameriavame sa na kvalitu a preto v\u00e1m po\u0161tou pr\u00edde bezchybn\u00fd fotodar\u010dek.","link":"https:\/\/foto-darceky.sk\/?product_cat=tricka","name":"Tri\u010dk\u00e1","slug":"tricka","taxonomy":"product_cat","parent":22,"meta":[],"yoast_head":"<!-- This site is optimized with the Yoast SEO plugin v19.3 - https:\/\/yoast.com\/wordpress\/plugins\/seo\/ -->\n<title>Arch\u00edvy Tri\u010dk\u00e1 - Foto dar\u010deky<\/title>\n<meta name=\"robots\" content=\"index, follow, max-snippet:-1, max-image-preview:large, max-video-preview:-1\" \/>\n<link rel=\"canonical\" href=\"https:\/\/foto-darceky.sk\/?product_cat=tricka\" \/>\n<meta property=\"og:locale\" content=\"sk_SK\" \/>\n<meta property=\"og:type\" content=\"article\" \/>\n<meta property=\"og:title\" content=\"Arch\u00edvy Tri\u010dk\u00e1 - Foto dar\u010deky\" \/>\n<meta property=\"og:description\" content=\"Vytvorte si tri\u010dko pod\u013ea \u017eelania, alebo obdarujte t\u00fdmto fotodar\u010dekom niekoho v\u00fdnimo\u010dn\u00e9ho. Vytvorte va\u0161im de\u0165om tri\u010dko, ktor\u00e9 bud\u00fa nosi\u0165 naozaj radi. Vyu\u017e\u00edvame len kvalitn\u00e9 tri\u010dk\u00e1 s ve\u013ekou gram\u00e1\u017eou. Ide\u00e1lne aj na \u0161kolsk\u00e9 akcie ako je \u0161kola v pr\u00edrode, \u010d\u00ed pre r\u00f4zne \u0161portov\u00e9 dru\u017estv\u00e1 alebo tane\u010dn\u00e9 skupiny. Urobte de\u0165om origin\u00e1lny dres s ich vlastn\u00fdm menom, \u010d\u00edslom. Ve\u013ekos\u0165ou vieme pote\u0161i\u0165 aj t\u00fdch najmen\u0161\u00edch \u0161k\u00f4lk\u00e1rov, ktor\u00fd si svoj ob\u013e\u00faben\u00fd obr\u00e1zok bud\u00fa na tri\u010dku nosi\u0165 ve\u013emi radi. Nev\u00e1hajte n\u00e1s oslovi\u0165 aj so \u0161peci\u00e1lnou po\u017eiadavkou. Kvalita tla\u010de je naozaj na tej najvy\u0161\u0161ej \u00farovni a ost\u00e1va nezmenen\u00e1 aj po 10-tkach prac\u00edch cyklov. Do dne\u0161n\u00e9ho d\u0148a sme nemali \u017eiadne reklam\u00e1cie na na\u0161e fotodar\u010deky. Zameriavame sa na kvalitu a preto v\u00e1m po\u0161tou pr\u00edde bezchybn\u00fd fotodar\u010dek.\" \/>\n<meta property=\"og:url\" content=\"https:\/\/foto-darceky.sk\/?product_cat=tricka\" \/>\n<meta property=\"og:site_name\" content=\"Foto dar\u010deky\" \/>\n<meta name=\"twitter:card\" content=\"summary_large_image\" \/>\n<script type=\"application\/ld+json\" class=\"yoast-schema-graph\">{\"@context\":\"https:\/\/schema.org\",\"@graph\":[{\"@type\":\"Organization\",\"@id\":\"https:\/\/foto-darceky.sk\/#organization\",\"name\":\"Foto dar\u010deky\",\"url\":\"https:\/\/foto-darceky.sk\/\",\"sameAs\":[],\"logo\":{\"@type\":\"ImageObject\",\"inLanguage\":\"sk-SK\",\"@id\":\"https:\/\/foto-darceky.sk\/#\/schema\/logo\/image\/\",\"url\":\"https:\/\/foto-darceky.sk\/wp-content\/uploads\/2019\/01\/cropped-PicsArt_01-31-09.45.11-4.jpg\",\"contentUrl\":\"https:\/\/foto-darceky.sk\/wp-content\/uploads\/2019\/01\/cropped-PicsArt_01-31-09.45.11-4.jpg\",\"width\":1498,\"height\":742,\"caption\":\"Foto dar\u010deky\"},\"image\":{\"@id\":\"https:\/\/foto-darceky.sk\/#\/schema\/logo\/image\/\"}},{\"@type\":\"WebSite\",\"@id\":\"https:\/\/foto-darceky.sk\/#website\",\"url\":\"https:\/\/foto-darceky.sk\/\",\"name\":\"Foto dar\u010deky\",\"description\":\"Zachy\u0165 okamih kdeko\u013evek bude\u0161 a my ti z neho urob\u00edme do\u017eivotn\u00fa spomienku\",\"publisher\":{\"@id\":\"https:\/\/foto-darceky.sk\/#organization\"},\"potentialAction\":[{\"@type\":\"SearchAction\",\"target\":{\"@type\":\"EntryPoint\",\"urlTemplate\":\"https:\/\/foto-darceky.sk\/?s={search_term_string}\"},\"query-input\":\"required name=search_term_string\"}],\"inLanguage\":\"sk-SK\"},{\"@type\":\"CollectionPage\",\"@id\":\"https:\/\/foto-darceky.sk\/?product_cat=tricka\",\"url\":\"https:\/\/foto-darceky.sk\/?product_cat=tricka\",\"name\":\"Arch\u00edvy Tri\u010dk\u00e1 - Foto dar\u010deky\",\"isPartOf\":{\"@id\":\"https:\/\/foto-darceky.sk\/#website\"},\"breadcrumb\":{\"@id\":\"https:\/\/foto-darceky.sk\/?product_cat=tricka#breadcrumb\"},\"inLanguage\":\"sk-SK\",\"potentialAction\":[{\"@type\":\"ReadAction\",\"target\":[\"https:\/\/foto-darceky.sk\/?product_cat=tricka\"]}]},{\"@type\":\"BreadcrumbList\",\"@id\":\"https:\/\/foto-darceky.sk\/?product_cat=tricka#breadcrumb\",\"itemListElement\":[{\"@type\":\"ListItem\",\"position\":1,\"name\":\"Home\",\"item\":\"https:\/\/foto-darceky.sk\/\"},{\"@type\":\"ListItem\",\"position\":2,\"name\":\"Text\u00edlie\",\"item\":\"https:\/\/foto-darceky.sk\/?product_cat=textilie\"},{\"@type\":\"ListItem\",\"position\":3,\"name\":\"Tri\u010dk\u00e1\"}]}]}<\/script>\n<!-- \/ Yoast SEO plugin. -->","yoast_head_json":{"title":"Arch\u00edvy Tri\u010dk\u00e1 - Foto dar\u010deky","robots":{"index":"index","follow":"follow","max-snippet":"max-snippet:-1","max-image-preview":"max-image-preview:large","max-video-preview":"max-video-preview:-1"},"canonical":"https:\/\/foto-darceky.sk\/?product_cat=tricka","og_locale":"sk_SK","og_type":"article","og_title":"Arch\u00edvy Tri\u010dk\u00e1 - Foto dar\u010deky","og_description":"Vytvorte si tri\u010dko pod\u013ea \u017eelania, alebo obdarujte t\u00fdmto fotodar\u010dekom niekoho v\u00fdnimo\u010dn\u00e9ho. Vytvorte va\u0161im de\u0165om tri\u010dko, ktor\u00e9 bud\u00fa nosi\u0165 naozaj radi. Vyu\u017e\u00edvame len kvalitn\u00e9 tri\u010dk\u00e1 s ve\u013ekou gram\u00e1\u017eou. Ide\u00e1lne aj na \u0161kolsk\u00e9 akcie ako je \u0161kola v pr\u00edrode, \u010d\u00ed pre r\u00f4zne \u0161portov\u00e9 dru\u017estv\u00e1 alebo tane\u010dn\u00e9 skupiny. Urobte de\u0165om origin\u00e1lny dres s ich vlastn\u00fdm menom, \u010d\u00edslom. Ve\u013ekos\u0165ou vieme pote\u0161i\u0165 aj t\u00fdch najmen\u0161\u00edch \u0161k\u00f4lk\u00e1rov, ktor\u00fd si svoj ob\u013e\u00faben\u00fd obr\u00e1zok bud\u00fa na tri\u010dku nosi\u0165 ve\u013emi radi. Nev\u00e1hajte n\u00e1s oslovi\u0165 aj so \u0161peci\u00e1lnou po\u017eiadavkou. Kvalita tla\u010de je naozaj na tej najvy\u0161\u0161ej \u00farovni a ost\u00e1va nezmenen\u00e1 aj po 10-tkach prac\u00edch cyklov. Do dne\u0161n\u00e9ho d\u0148a sme nemali \u017eiadne reklam\u00e1cie na na\u0161e fotodar\u010deky. Zameriavame sa na kvalitu a preto v\u00e1m po\u0161tou pr\u00edde bezchybn\u00fd fotodar\u010dek.","og_url":"https:\/\/foto-darceky.sk\/?product_cat=tricka","og_site_name":"Foto dar\u010deky","twitter_card":"summary_large_image","schema":{"@context":"https:\/\/schema.org","@graph":[{"@type":"Organization","@id":"https:\/\/foto-darceky.sk\/#organization","name":"Foto dar\u010deky","url":"https:\/\/foto-darceky.sk\/","sameAs":[],"logo":{"@type":"ImageObject","inLanguage":"sk-SK","@id":"https:\/\/foto-darceky.sk\/#\/schema\/logo\/image\/","url":"https:\/\/foto-darceky.sk\/wp-content\/uploads\/2019\/01\/cropped-PicsArt_01-31-09.45.11-4.jpg","contentUrl":"https:\/\/foto-darceky.sk\/wp-content\/uploads\/2019\/01\/cropped-PicsArt_01-31-09.45.11-4.jpg","width":1498,"height":742,"caption":"Foto dar\u010deky"},"image":{"@id":"https:\/\/foto-darceky.sk\/#\/schema\/logo\/image\/"}},{"@type":"WebSite","@id":"https:\/\/foto-darceky.sk\/#website","url":"https:\/\/foto-darceky.sk\/","name":"Foto dar\u010deky","description":"Zachy\u0165 okamih kdeko\u013evek bude\u0161 a my ti z neho urob\u00edme do\u017eivotn\u00fa spomienku","publisher":{"@id":"https:\/\/foto-darceky.sk\/#organization"},"potentialAction":[{"@type":"SearchAction","target":{"@type":"EntryPoint","urlTemplate":"https:\/\/foto-darceky.sk\/?s={search_term_string}"},"query-input":"required name=search_term_string"}],"inLanguage":"sk-SK"},{"@type":"CollectionPage","@id":"https:\/\/foto-darceky.sk\/?product_cat=tricka","url":"https:\/\/foto-darceky.sk\/?product_cat=tricka","name":"Arch\u00edvy Tri\u010dk\u00e1 - Foto dar\u010deky","isPartOf":{"@id":"https:\/\/foto-darceky.sk\/#website"},"breadcrumb":{"@id":"https:\/\/foto-darceky.sk\/?product_cat=tricka#breadcrumb"},"inLanguage":"sk-SK","potentialAction":[{"@type":"ReadAction","target":["https:\/\/foto-darceky.sk\/?product_cat=tricka"]}]},{"@type":"BreadcrumbList","@id":"https:\/\/foto-darceky.sk\/?product_cat=tricka#breadcrumb","itemListElement":[{"@type":"ListItem","position":1,"name":"Home","item":"https:\/\/foto-darceky.sk\/"},{"@type":"ListItem","position":2,"name":"Text\u00edlie","item":"https:\/\/foto-darceky.sk\/?product_cat=textilie"},{"@type":"ListItem","position":3,"name":"Tri\u010dk\u00e1"}]}]}},"_links":{"self":[{"href":"https:\/\/foto-darceky.sk\/index.php?rest_route=\/wp\/v2\/product_cat\/28"}],"collection":[{"href":"https:\/\/foto-darceky.sk\/index.php?rest_route=\/wp\/v2\/product_cat"}],"about":[{"href":"https:\/\/foto-darceky.sk\/index.php?rest_route=\/wp\/v2\/taxonomies\/product_cat"}],"up":[{"embeddable":true,"href":"https:\/\/foto-darceky.sk\/index.php?rest_route=\/wp\/v2\/product_cat\/22"}],"wp:post_type":[{"href":"https:\/\/foto-darceky.sk\/index.php?rest_route=%2Fwp%2Fv2%2Fproduct&product_cat=28"}],"curies":[{"name":"wp","href":"https:\/\/api.w.org\/{rel}","templated":true}]}}